{"id":5259,"date":"2020-03-06T20:40:52","date_gmt":"2020-03-06T20:40:52","guid":{"rendered":"https:\/\/www.vossgolf.no\/?p=5259"},"modified":"2020-03-06T20:40:52","modified_gmt":"2020-03-06T20:40:52","slug":"referat-arsmote-2020","status":"publish","type":"post","link":"https:\/\/www.vossgolf.no\/?p=5259","title":{"rendered":"Referat \u00e5rsm\u00f8te 2020"},"content":{"rendered":"<p><span class=\"s2\">Referat \u00c5rsm\u00f8te<\/span><span class=\"s2\"> 28.02.2020<\/span><\/p>\n<p>&nbsp;<\/p>\n<p><span class=\"s3\">Sak 1:<\/span><span class=\"s3\"> Godkjenne dei som har r\u00f8ysterett<\/span><\/p>\n<p>\u200b<span class=\"s4\"> Alle p\u00e5 m\u00f8te har r\u00f8ysterett<\/span><\/p>\n<p>&nbsp;<\/p>\n<p><span class=\"s3\">Sak 2<\/span><span class=\"s3\">: <\/span><span class=\"s3\">Velje dirigent<\/span><\/p>\n<p>\u200b<span class=\"s4\">Andreas<\/span> <span class=\"s4\">Oppedal blei <\/span><span class=\"s4\">valgt<\/span><span class=\"s4\">.<\/span><\/p>\n<p>&nbsp;<\/p>\n<p><span class=\"s3\">Sak 3<\/span><span class=\"s3\">:<\/span><span class=\"s3\"> Velje protokollf\u00f8rer<\/span><\/p>\n<p>\u200b<span class=\"s4\">Sunniva<\/span><span class=\"s4\"> Horvei blei <\/span><span class=\"s4\">valgt<\/span><span class=\"s4\">. <\/span><\/p>\n<p>&nbsp;<\/p>\n<p><span class=\"s3\">Sak 4<\/span><span class=\"s3\">:<\/span><span class=\"s3\"> Velje to medlemmer til \u00e5 underskrive protokollen<\/span><\/p>\n<p class=\"s5\"><span class=\"s4\">St\u00e5le<\/span><span class=\"s4\"> \u00d8verland<\/span><span class=\"s4\"> og Malvin<\/span><span class=\"s4\"> \u00d8vsthus blei valgt.<\/span><\/p>\n<p>&nbsp;<\/p>\n<p><span class=\"s3\">Sak 5<\/span><span class=\"s3\">:<\/span><span class=\"s3\"> Godkjenne innkallinga<\/span><\/p>\n<p>\u200b<span class=\"s4\">Innkallinga er godkjent, men problem med vedlegg. <\/span><\/p>\n<p>&nbsp;<\/p>\n<p><span class=\"s3\">Sak 6<\/span><span class=\"s3\">:<\/span><span class=\"s3\"> Godkjenne sakslista<\/span><\/p>\n<p>\u200b<span class=\"s4\">Godkjent<\/span><\/p>\n<p>&nbsp;<\/p>\n<p><span class=\"s3\">Sak 7<\/span><span class=\"s3\">:<\/span><span class=\"s3\"> Godkjenne <\/span><span class=\"s3\">foretningsordenen<\/span><\/p>\n<p>\u200b<span class=\"s4\">Godkjent<\/span><\/p>\n<p>&nbsp;<\/p>\n<p><span class=\"s3\">Sak 8<\/span><span class=\"s3\">:<\/span><span class=\"s3\"> Handsame \u00e5rsmeldinga fr\u00e5 idrettslaget<\/span><\/p>\n<p>\u200b<span class=\"s4\">Godkjent<\/span><\/p>\n<p>&nbsp;<\/p>\n<p><span class=\"s3\">Sak 9<\/span><span class=\"s3\">:<\/span><span class=\"s3\"> Handsame rekneskapen til idrettslaget, den \u00f8konomiske meldinga fr\u00e5 styret, meldinga fr\u00e5 kontrollutvalet<\/span><\/p>\n<p><span class=\"s4\">St\u00e5le \u00d8verland gjekk gjennom rekneskapen til idrettsladet. <\/span><\/p>\n<p><span class=\"s6\">Avstemning<\/span><span class=\"s6\"> om det er godkjent: Alle stemmer for godkjent. <\/span><\/p>\n<p><span class=\"s3\">Sak 10<\/span><span class=\"s3\">: <\/span><span class=\"s3\">Handsame forslag og saker<\/span><\/p>\n<p><span class=\"s4\">Ing<\/span><span class=\"s4\">en saker eller forslag er komme<\/span><span class=\"s4\"> inn i \u00e5r. <\/span><\/p>\n<p>&nbsp;<\/p>\n<p><span class=\"s3\">Sak 11<\/span><span class=\"s3\">:<\/span><span class=\"s3\"> Fastsetje <\/span><span class=\"s3\">medlemskontigent<\/span><span class=\"s3\"> p\u00e5 minst 50kr, og treningsavgift, eller fullmakt til \u00e5 fastsetje treningsavgifter<\/span><\/p>\n<p><span class=\"s4\">Etter mykje diskusjon rundt <\/span><span class=\"s4\">medlemskontigent<\/span><span class=\"s4\">, er det <\/span><span class=\"s4\">einstemning<\/span><span class=\"s4\"> om eit ekstraordin\u00e6rt <\/span><span class=\"s4\">\u00e5rsm\u00f8te i haust der<\/span><span class=\"s4\"> fastsetjing av <\/span><span class=\"s4\">medlemskontigent<\/span><span class=\"s4\"> 2021 vert bestemt. <\/span><\/p>\n<p>&nbsp;<\/p>\n<p><span class=\"s3\">Sak 12<\/span><span class=\"s3\">: <\/span><span class=\"s3\">Vedta budsjettet til idrettslaget<\/span><\/p>\n<p><span class=\"s4\">Brudsjettet<\/span><span class=\"s4\"> for 2020 er mykje likt som 2019, med unntak for litt justeringar p\u00e5 <\/span><span class=\"s4\">grasrotandel<\/span><span class=\"s4\">.<\/span><\/p>\n<p><span class=\"s4\">Budsjett for 2020 blei vedtatt. <\/span><\/p>\n<p>&nbsp;<\/p>\n<p><span class=\"s3\">Sak 13: <\/span><span class=\"s3\">Handsame organisasjonsplanen til idrettslaget<\/span><\/p>\n<p><span class=\"s4\">Revisor er endra til kontrollutval <\/span><\/p>\n<p>&nbsp;<\/p>\n<p><span class=\"s3\">Sak 14: \u00a0Gjere f\u00f8lgjande val: <\/span><\/p>\n<p><span class=\"s4\">Magnar Grevle, Egil \u00d8stvik og Bjarne <\/span><span class=\"s4\">Eggereide<\/span><span class=\"s4\"> har forslag til f\u00f8lgande: <\/span><\/p>\n<p>&nbsp;<\/p>\n<p><span class=\"s6\">Sak 15: Klubbs<\/span><span class=\"s6\">tyret: <\/span><\/p>\n<p><span class=\"s4\">Leiar: Andreas Oppedal 1 \u00e5r<\/span><span class=\"s4\"> &#8211; NY<\/span><\/p>\n<p><span class=\"s4\">Nestleiar: Sunniva Horvei 2 \u00e5r<\/span><span class=\"s4\"> &#8211;<\/span> <span class=\"s4\">NY<\/span><\/p>\n<p>&nbsp;<\/p>\n<p><span class=\"s4\">Styremedlemmar: <\/span><\/p>\n<p><span class=\"s4\">Glenn Ove Hovland 2 \u00e5r <\/span><span class=\"s4\">&#8211; NY<\/span><\/p>\n<p><span class=\"s4\">Nils Bjarne Hommedal 2 \u00e5r<\/span><span class=\"s4\"> &#8211; NY<\/span><\/p>\n<p><span class=\"s4\">Silje Svartveit (1 \u00e5r igjen) <\/span><\/p>\n<p>&nbsp;<\/p>\n<p><span class=\"s4\">Varamedlemmar<\/span><span class=\"s4\">:<\/span><\/p>\n<p><span class=\"s4\">Kjetil Brusveen (1 \u00e5r igjen)<\/span><\/p>\n<p><span class=\"s4\">Marius <\/span><span class=\"s4\">Lidsheim<\/span> <span class=\"s4\">Almeland 2 \u00e5r<\/span><span class=\"s4\"> &#8211; NY<\/span><\/p>\n<p>&nbsp;<\/p>\n<p>&nbsp;<\/p>\n<p><span class=\"s6\">Sak 16: <\/span><span class=\"s6\">Kontrollutval:<\/span><\/p>\n<p><span class=\"s4\">Leiar <\/span><span class=\"s4\">Oddvar Jansen 2 \u00e5r<\/span><\/p>\n<p><span class=\"s4\">Medlem: <\/span><span class=\"s4\">Ingebj\u00f8rg <\/span><span class=\"s4\">Arneveit<\/span><span class=\"s4\"> 1 \u00e5r<\/span><\/p>\n<p><span class=\"s4\">V<\/span><span class=\"s4\">aramedlem<\/span><span class=\"s4\">: Randi \u00d8stvik 1 \u00e5r<\/span><\/p>\n<p>&nbsp;<\/p>\n<p><span class=\"s6\">Sak 17: <\/span><span class=\"s6\">Representantar til ting og m\u00f8te i dei organisasjonsledda der idrettslaget har representasjonsrett, eller gje styret fullmakt til \u00e5 nemne opp <\/span><span class=\"s6\">representantane <\/span><\/p>\n<p><span class=\"s4\">Idrettsr\u00e5d Torkjell Eskeland<\/span><\/p>\n<p>&nbsp;<\/p>\n<p><span class=\"s6\">Sak 18: <\/span><span class=\"s6\">Valgkomite<\/span><span class=\"s6\">: <\/span><\/p>\n<p><span class=\"s4\">Leiar: Egil \u00d8stvik <\/span><\/p>\n<p>&nbsp;<\/p>\n<p><span class=\"s4\">Medlemmar: <\/span><\/p>\n<p><span class=\"s4\">Bjarne <\/span><span class=\"s4\">Eggereide<\/span><\/p>\n<p><span class=\"s4\">Magnar Grevle<\/span><\/p>\n<p>&nbsp;<\/p>\n<p><span class=\"s4\">Varamedlem<\/span><span class=\"s4\">: Steinar Ure<\/span><\/p>\n<p>&nbsp;<\/p>\n<p><span class=\"s3\">Sak 19: Eventuelt andre val i samsvar med organisasjonsplanen til idrettslaget<\/span><\/p>\n<p><span class=\"s4\">Det er ingen fleire val som skal tas i samsvar med organisasjonsplanen til idrettslaget. <\/span><\/p>\n<p>&nbsp;<\/p>\n<p>&nbsp;<\/p>\n","protected":false},"excerpt":{"rendered":"<p>Referat \u00c5rsm\u00f8te 28.02.2020 &nbsp; Sak 1: Godkjenne dei som har r\u00f8ysterett \u200b Alle p\u00e5 m\u00f8te har r\u00f8ysterett &nbsp; Sak 2: Velje dirigent \u200bAndreas Oppedal blei valgt. &nbsp; Sak 3: Velje protokollf\u00f8rer \u200bSunniva Horvei blei valgt. &nbsp; Sak 4: Velje to medlemmer til \u00e5 underskrive protokollen St\u00e5le \u00d8verland og Malvin \u00d8vsthus blei valgt. &nbsp; Sak 5: [&hellip;]<\/p>\n","protected":false},"author":2,"featured_media":5260,"comment_status":"closed","ping_status":"closed","sticky":false,"template":"","format":"standard","meta":[],"categories":[30],"tags":[],"_links":{"self":[{"href":"https:\/\/www.vossgolf.no\/index.php?rest_route=\/wp\/v2\/posts\/5259"}],"collection":[{"href":"https:\/\/www.vossgolf.no\/index.php?rest_route=\/wp\/v2\/posts"}],"about":[{"href":"https:\/\/www.vossgolf.no\/index.php?rest_route=\/wp\/v2\/types\/post"}],"author":[{"embeddable":true,"href":"https:\/\/www.vossgolf.no\/index.php?rest_route=\/wp\/v2\/users\/2"}],"replies":[{"embeddable":true,"href":"https:\/\/www.vossgolf.no\/index.php?rest_route=%2Fwp%2Fv2%2Fcomments&post=5259"}],"version-history":[{"count":2,"href":"https:\/\/www.vossgolf.no\/index.php?rest_route=\/wp\/v2\/posts\/5259\/revisions"}],"predecessor-version":[{"id":5262,"href":"https:\/\/www.vossgolf.no\/index.php?rest_route=\/wp\/v2\/posts\/5259\/revisions\/5262"}],"wp:featuredmedia":[{"embeddable":true,"href":"https:\/\/www.vossgolf.no\/index.php?rest_route=\/wp\/v2\/media\/5260"}],"wp:attachment":[{"href":"https:\/\/www.vossgolf.no\/index.php?rest_route=%2Fwp%2Fv2%2Fmedia&parent=5259"}],"wp:term":[{"taxonomy":"category","embeddable":true,"href":"https:\/\/www.vossgolf.no\/index.php?rest_route=%2Fwp%2Fv2%2Fcategories&post=5259"},{"taxonomy":"post_tag","embeddable":true,"href":"https:\/\/www.vossgolf.no\/index.php?rest_route=%2Fwp%2Fv2%2Ftags&post=5259"}],"curies":[{"name":"wp","href":"https:\/\/api.w.org\/{rel}","templated":true}]}}