{"id":8581,"date":"2024-06-09T10:41:43","date_gmt":"2024-06-09T10:41:43","guid":{"rendered":"https:\/\/www.vossgolf.no\/?p=8581"},"modified":"2024-06-09T10:42:13","modified_gmt":"2024-06-09T10:42:13","slug":"seimen-cup-2024","status":"publish","type":"post","link":"https:\/\/www.vossgolf.no\/?p=8581","title":{"rendered":"Seimen Cup 2024"},"content":{"rendered":"\n<p><a href=\"https:\/\/www.facebook.com\/groups\/479801739223395\/user\/100078483327325\/\"><\/a><a href=\"https:\/\/www.facebook.com\/groups\/479801739223395\/user\/100078483327325\/\"><\/a><a href=\"https:\/\/www.facebook.com\/groups\/479801739223395\/user\/100078483327325\/\"><\/a><\/p>\n\n\n\n<p><a href=\"https:\/\/www.facebook.com\/groups\/479801739223395\/user\/100078483327325\/?__cft__[0]=AZV_qxjEUwwo8J39Nas-FixFAVI6iw7zDON2Pn7dAwH9vIjy1TjaDeRkWf-74o5hZqS0aGISB0F2kCwGOq1TxsDPSqfzM9IFZPa2VFElN-bEXPPmEpjexVwrP9INJMC2qJZkw0MaiVQqJAOLOHXzHgAWyE26GXwd58VyC1UQKTZ5Gg&amp;__tn__=%3C%2CP-R\"><\/a><\/p>\n\n\n\n<p><a href=\"https:\/\/www.facebook.com\/groups\/479801739223395\/user\/100078483327325\/?__cft__[0]=AZV_qxjEUwwo8J39Nas-FixFAVI6iw7zDON2Pn7dAwH9vIjy1TjaDeRkWf-74o5hZqS0aGISB0F2kCwGOq1TxsDPSqfzM9IFZPa2VFElN-bEXPPmEpjexVwrP9INJMC2qJZkw0MaiVQqJAOLOHXzHgAWyE26GXwd58VyC1UQKTZ5Gg&amp;__tn__=%3C%2CP-R\"><\/a><\/p>\n\n\n\n<h3 id=\":r8iv:\"><\/h3>\n\n\n\n<p>D\u00e5 er det berre \u00e5 f\u00e5 gratulert Vangarane med siger i den fyrste turneringa av Seimen Cup.<\/p>\n\n\n\n<p>Strond\u00e9 hadde jo g\u00e5tt hardt ut og n\u00e5r me s\u00e5g korleis Vangarane i det heile streva md \u00e5 stable p\u00e5 beina eit lag inn mot turneringa steig sj\u00f8lvtilliten end\u00e5 meir og kanskje strendingane til og med vart litt for avslappa. End\u00e5 meir sj\u00f8lvsikre vart dei d\u00e5 det viste seg at ein av vossingane (her nemner me ikkje namn) ikkje hadde f\u00e5tt med seg at han var tvangsp\u00e5meldt og ikkje kom til den f\u00f8rste parmatchen. I god sportsand lot strendingane Arne Seim spele \u00e5leine, men d\u00e5 det viste seg at han var Scottie Scheffler in disguise s\u00e5 vart det kjapt ein telefon til Gaute for \u00e5 finna ut kva ein gjorde ved slike h\u00f8ve og eit kj\u00e6rkomme poeng hamna difor hj\u00e5 Strond\u00e9.<\/p>\n\n\n\n<p>Det viste seg (dessverre) ganske fort at vossignane m\u00e5 ha tjuvtrent for resultatene hamna oftast i fav\u00f8r dei p\u00e5 vestsio t\u00e5 Tvinnefossen. Til slutt enda det 9 1\/2 &#8211; 15 1\/2 i Vangarane sin fav\u00f8r og sidan til og med kapteinen deira hadde reist p\u00e5 jobb for nokre dagar sidan s\u00e5 var det visekaptein Even B\u00f8rve som fekk lyfta det \u00e6reverdige Seimen Cup trofeet som sj\u00f8lvsagt skal tilbake til Stronde i 2025 <img loading=\"lazy\" height=\"16\" width=\"16\" alt=\"&#x1f609;\" src=\"https:\/\/static.xx.fbcdn.net\/images\/emoji.php\/v9\/t57\/1\/16\/1f609.png\"><\/p>\n\n\n\n<p>Dette var ein veldig kjekk dag syns mange og i tillegg til \u00e5 takke alle som var med s\u00e5 vil eg retta ein stor takk til alle som ogs\u00e5 var med \u00e5 hjelpe til i kiosken, lage mat og andre oppg\u00e5ver som gjorde dette til ein veldig flott dag <img loading=\"lazy\" height=\"16\" width=\"16\" src=\"https:\/\/static.xx.fbcdn.net\/images\/emoji.php\/v9\/t4c\/1\/16\/1f642.png\" alt=\"&#x1f642;\"><\/p>\n\n\n\n<figure class=\"wp-block-image size-large\"><img loading=\"lazy\" width=\"768\" height=\"1024\" src=\"https:\/\/www.vossgolf.no\/wp-content\/uploads\/2024\/06\/447884134_448828344409939_8117747235530302702_n-768x1024.jpg\" alt=\"\" class=\"wp-image-8583\" srcset=\"https:\/\/www.vossgolf.no\/wp-content\/uploads\/2024\/06\/447884134_448828344409939_8117747235530302702_n-768x1024.jpg 768w, https:\/\/www.vossgolf.no\/wp-content\/uploads\/2024\/06\/447884134_448828344409939_8117747235530302702_n-225x300.jpg 225w, https:\/\/www.vossgolf.no\/wp-content\/uploads\/2024\/06\/447884134_448828344409939_8117747235530302702_n-1152x1536.jpg 1152w, https:\/\/www.vossgolf.no\/wp-content\/uploads\/2024\/06\/447884134_448828344409939_8117747235530302702_n.jpg 1536w\" sizes=\"(max-width: 768px) 100vw, 768px\" \/><\/figure>\n\n\n\n<figure class=\"wp-block-image size-large\"><img loading=\"lazy\" width=\"768\" height=\"1024\" src=\"https:\/\/www.vossgolf.no\/wp-content\/uploads\/2024\/06\/448073545_448828297743277_2465217777734437917_n-768x1024.jpg\" alt=\"\" class=\"wp-image-8584\" srcset=\"https:\/\/www.vossgolf.no\/wp-content\/uploads\/2024\/06\/448073545_448828297743277_2465217777734437917_n-768x1024.jpg 768w, https:\/\/www.vossgolf.no\/wp-content\/uploads\/2024\/06\/448073545_448828297743277_2465217777734437917_n-225x300.jpg 225w, https:\/\/www.vossgolf.no\/wp-content\/uploads\/2024\/06\/448073545_448828297743277_2465217777734437917_n-1152x1536.jpg 1152w, https:\/\/www.vossgolf.no\/wp-content\/uploads\/2024\/06\/448073545_448828297743277_2465217777734437917_n.jpg 1536w\" sizes=\"(max-width: 768px) 100vw, 768px\" \/><\/figure>\n\n\n\n<figure class=\"wp-block-image size-large\"><img loading=\"lazy\" width=\"1024\" height=\"768\" src=\"https:\/\/www.vossgolf.no\/wp-content\/uploads\/2024\/06\/447888725_448828351076605_1316300197527978325_n-1024x768.jpg\" alt=\"\" class=\"wp-image-8585\" srcset=\"https:\/\/www.vossgolf.no\/wp-content\/uploads\/2024\/06\/447888725_448828351076605_1316300197527978325_n-1024x768.jpg 1024w, https:\/\/www.vossgolf.no\/wp-content\/uploads\/2024\/06\/447888725_448828351076605_1316300197527978325_n-300x225.jpg 300w, https:\/\/www.vossgolf.no\/wp-content\/uploads\/2024\/06\/447888725_448828351076605_1316300197527978325_n-768x576.jpg 768w, https:\/\/www.vossgolf.no\/wp-content\/uploads\/2024\/06\/447888725_448828351076605_1316300197527978325_n-1536x1152.jpg 1536w, https:\/\/www.vossgolf.no\/wp-content\/uploads\/2024\/06\/447888725_448828351076605_1316300197527978325_n.jpg 2048w\" sizes=\"(max-width: 1024px) 100vw, 1024px\" \/><\/figure>\n","protected":false},"excerpt":{"rendered":"<p>D\u00e5 er det berre \u00e5 f\u00e5 gratulert Vangarane med siger i den fyrste turneringa av Seimen Cup. Strond\u00e9 hadde jo g\u00e5tt hardt ut og n\u00e5r me s\u00e5g korleis Vangarane i det heile streva md \u00e5 stable p\u00e5 beina eit lag inn mot turneringa steig sj\u00f8lvtilliten end\u00e5 meir og kanskje strendingane til og med vart litt [&hellip;]<\/p>\n","protected":false},"author":3,"featured_media":8582,"comment_status":"closed","ping_status":"closed","sticky":false,"template":"","format":"standard","meta":[],"categories":[30],"tags":[],"_links":{"self":[{"href":"https:\/\/www.vossgolf.no\/index.php?rest_route=\/wp\/v2\/posts\/8581"}],"collection":[{"href":"https:\/\/www.vossgolf.no\/index.php?rest_route=\/wp\/v2\/posts"}],"about":[{"href":"https:\/\/www.vossgolf.no\/index.php?rest_route=\/wp\/v2\/types\/post"}],"author":[{"embeddable":true,"href":"https:\/\/www.vossgolf.no\/index.php?rest_route=\/wp\/v2\/users\/3"}],"replies":[{"embeddable":true,"href":"https:\/\/www.vossgolf.no\/index.php?rest_route=%2Fwp%2Fv2%2Fcomments&post=8581"}],"version-history":[{"count":2,"href":"https:\/\/www.vossgolf.no\/index.php?rest_route=\/wp\/v2\/posts\/8581\/revisions"}],"predecessor-version":[{"id":8587,"href":"https:\/\/www.vossgolf.no\/index.php?rest_route=\/wp\/v2\/posts\/8581\/revisions\/8587"}],"wp:featuredmedia":[{"embeddable":true,"href":"https:\/\/www.vossgolf.no\/index.php?rest_route=\/wp\/v2\/media\/8582"}],"wp:attachment":[{"href":"https:\/\/www.vossgolf.no\/index.php?rest_route=%2Fwp%2Fv2%2Fmedia&parent=8581"}],"wp:term":[{"taxonomy":"category","embeddable":true,"href":"https:\/\/www.vossgolf.no\/index.php?rest_route=%2Fwp%2Fv2%2Fcategories&post=8581"},{"taxonomy":"post_tag","embeddable":true,"href":"https:\/\/www.vossgolf.no\/index.php?rest_route=%2Fwp%2Fv2%2Ftags&post=8581"}],"curies":[{"name":"wp","href":"https:\/\/api.w.org\/{rel}","templated":true}]}}